{"id":36,"date":"2017-02-02T00:57:04","date_gmt":"2017-02-02T00:57:04","guid":{"rendered":"https:\/\/viyan.info\/?p=36"},"modified":"2023-08-20T19:53:21","modified_gmt":"2023-08-20T19:53:21","slug":"ji-gele-kurde-welatparez-u-berxwedanvan-re","status":"publish","type":"post","link":"https:\/\/viyan.info\/?p=36","title":{"rendered":"Ji gel\u00ea kurd\u00ea welatpar\u00eaz \u00fb berxwedanvan re"},"content":{"rendered":"<p><a href=\"https:\/\/viyan.info\/wp-content\/uploads\/2017\/02\/viyan01.jpg\"><img loading=\"lazy\" decoding=\"async\" class=\"alignright size-medium wp-image-9\" src=\"https:\/\/viyan.info\/wp-content\/uploads\/2017\/02\/viyan01-225x300.jpg\" alt=\"\" width=\"225\" height=\"300\" srcset=\"https:\/\/viyan.info\/wp-content\/uploads\/2017\/02\/viyan01-225x300.jpg 225w, https:\/\/viyan.info\/wp-content\/uploads\/2017\/02\/viyan01.jpg 720w\" sizes=\"auto, (max-width: 225px) 100vw, 225px\" \/><\/a>D\u00eerok\u00ea \u00eespat kiriye ku gel\u00ea Kurd, gelek\u00ee leheng \u00fb cangoriye. Tev\u00ee siyesata \u00eenkar, qirkirin, Erebkirin, Tirkkirin \u00fb Farskirin\u00ea, gel\u00ea me bi her away\u00ee heb\u00fbna xwe parastiye \u00fb di d\u00eerok\u00ea de nehatiye windakirin. Dewlet\u00ean dagirker her dem j\u00ea re gotine ku; \u201cEncex tu Tirk be, Fars be yan j\u00ee Ereb be maf\u00ea te y\u00ea hemwelat\u00eeb\u00fbn\u00ea \u00fb wek\u00ee mirov maf\u00ea te y\u00ea jiy\u00een\u00ea heye!\u201d. Dewleten mezin y\u00ean c\u00eehan\u00ea b\u00ea rawestan dihizirin ku \u00e7awa, keng\u00ee \u00fb li ku der\u00ea ji bo berjewendiy\u00ean xwe y\u00ean siyas\u00ee Kurdan m\u00eena ma\u015feyek\u00ee bikar b\u00eenin \u00fb l\u00eestok\u00ea biserx\u00een\u00een. \u00c7\u00eena serdest a Kurd j\u00ee ango Kurd\u00ean hevkar di riya berjewendiy\u00ean xwe y\u00ean teng a part\u00ee, malbat\u00ee \u00fb takekes\u00ee de her dem xwestine gel\u00ea Kurd \u00ea kedkar bifiro\u015fin \u00fb p\u00ea bazirganiy\u00ea bikin. Gel\u00ea Kurd di rew\u015feki wisa de ye ku m\u00eenaka w\u00ea di tu dever\u00ean din y\u00ea c\u00eehan\u00ea \u00fb d\u00eerok\u00ea de nehatiye d\u00eetin. Gelek\u00ee ku hatiye tecr\u00eedkirin, ten\u00ea maye \u00fb m\u00eena civateke tewanbar \u00fb t\u00eakder t\u00ea d\u00eetin. Ev rew\u015f j\u00ee bi qas\u00ee 5 hezar sale t\u00ea jiyankirin. Li dij\u00ee v\u00ea Kurdan bi qas\u00ee ku kar\u00eene bi hezaran \u015fer, ku\u015ftin, birr\u00een \u00fb ko\u00e7bert\u00ee, bi \u00ea\u015feke mezin ve encex xwe parastine \u00fb gihane sedsala 21\u2019min.<\/p>\n<p>R\u00eaber Apo \u00fb tevgera rizgariya netew\u00ee ya Kurdistan\u00ea z\u00eadetir\u00ee 30 sal e dest li v\u00ea rew\u015f\u00ea werdaye \u00fb \u00eero j\u00ee gel\u00ea Kurd aniye asta t\u00eako\u015finek\u00ee wisa ku \u00ead\u00ee ten\u00ea xweparastin, ku\u015ftin \u00fb birr\u00een wek\u00ee \u00e7aren\u00fbsek\u00ea napejirine. Niha j\u00ee li hem\u00fb c\u00eehan\u00ea bang dike \u00fb dixwaze daw\u00ee li tirajediya xwe b\u00eene. Dixwaze dest\u00ea \u00e7areser\u00ee, a\u015ft\u00ee \u00fb demokrasiy\u00ea j\u00ea re were dir\u00eaj kirin. L\u00ea bel\u00ea ne dewlet\u00ean qa\u015fo par\u00eazvan\u00ean maf\u00ean mirovan \u00ean c\u00eehan\u00ea \u00fb ne j\u00ee dewlet\u00ean dagirker \u00ean li ser Kurdistan\u00ea ne ten\u00ea bersiva dest\u00ean a\u015fitiy\u00ea nadin, berovaj\u00ee w\u00ea heta daw\u00ee bi hovitiyek\u00ee (vah\u015fet) mezin, bi \u015fer \u00fb zext\u00ea bersiv didin, radestb\u00fbn \u00fb nokertiy\u00ea disep\u00eenin. Ev j\u00ee gir\u00eaday\u00ee komploya navnetew\u00ee, di \u00e7ar\u00e7oveya konseptek\u00ee n\u00fb de t\u00ea me\u015fandin. Nav\u00ea v\u00ea konsept\u00ea j\u00ee b\u00ear\u00fbmet kirin \u00fb \u015fikandina v\u00eena Kurd\u00ea serbixwe ye. Dib\u00eajin ku \u201cEm gel\u00ea Kurd \u00eenkar nakin\u201d, l\u00ea bel\u00ea \u00e7areserkirina b\u00ea R\u00eaber Apo, b\u00ea PKK esas digirin. Ev ne ti\u015ftek\u00ee asayiy\u00ea ku ji aliyek\u00ee de \u00eari\u015f dibin ser ger\u00eela, gel\u00ea \u00e7alakvan \u00fb R\u00eaber Apo, ji aliyek\u00ee din ve j\u00ee Kurd\u00ean gir\u00eaday\u00ee xwe xistiye navenda projeya Rojhilata Nav\u00een a mezin \u00fb soza avakirina dewlet \u00fb sitatuyeke giredayi xwe didin wan.<\/p>\n<p>Wisa xuyaye ku w\u00ea sala 2006 pir bi germ\u00ee derbas bibe, dijmin \u015ferek\u00ee topyek\u00fbn \u00eelan kiriye \u00fb p\u00eade p\u00eade p\u00eak t\u00eene. Li ser v\u00ea bingeh\u00ea em j\u00ee weke gel\u00ea Kurd div\u00ea ji her al\u00ee de t\u00eako\u015f\u00eeneke piral\u00ee \u00fb bi h\u00eaz bime\u015f\u00eenin. Sala 2006\u2019an ne ten\u00ea wek\u00ee sala xweparastin\u00ea, w\u00ea bibe sala diyarkirina \u00e7aren\u00fbsa Kurdan \u00fb \u00e7areseriy\u00ea. Di v\u00ee al\u00ee de tem\u00eenata serkeftin\u00ea di dest\u00ea me de ye bi w\u00ee \u015fert\u00ea ku her kes here ser kar\u00ea xwe \u00fb di nav \u015fer\u00ea parastina bi r\u00fbmet a v\u00eena xwe \u00fb gel\u00ea xwe de cih bigire. Ji bo v\u00ea j\u00ee her kesek\u00ee Kurd, her saz\u00ee, r\u00eaxistin \u00fb partiyek, her gund, bajar, bajarokek\u00ee, her \u015fahredariyek, her rew\u015fenb\u00eer \u00fb \u00e7ina ku xwe wek\u00ee mirov \u00fb Kurd bi nav dike div\u00ea di v\u00ea sal\u00ea de xwediy\u00ea neq\u015feyeke \u00e7alakiy\u00ea be. Armanca v\u00ea neq\u015fey\u00ea j\u00ee ten\u00ea \u00fb ten\u00ea esas girtina azad\u00ee \u00fb serkeftin\u00ea be. \u00cad\u00ee ne b\u00ea\u00e7aret\u00ee \u00fb binkeftin, di sedsala 21\u2019m\u00een de em bi t\u00eako\u015f\u00eena xwe ya cewher\u00ee \u00e7aren\u00fbsa xwe destn\u00ee\u015fan bikin. Di dem\u00ea n\u00eaz \u00fb d\u00fbr de div\u00ea em s\u00ea ti\u015ftan bikin st\u00fbn\u00ea sereke y\u00ean neq\u015fey\u00ean \u00e7alakiy\u00ean xwe, hem\u00fb h\u00eaz \u00fb behremendiy\u00ean (yetenek) xwe di v\u00ea riy\u00ea de tevger bikin.<\/p>\n<p>A ayekm\u00een; wek\u00ee gel\u00ea Kurd \u00fb jina Kurd div\u00ea di riya azadiya R\u00eaber Apo de bi \u015f\u00eeara \u201cB\u00ea Serok Apo jiyan nabe!\u201d gav biav\u00eajin \u00fb v\u00ea rastiy\u00ea ji \u00e7ar\u00e7oveya \u015f\u00eearek\u00ea derx\u00eenin. Ji bo w\u00ea j\u00ee p\u00eaw\u00eest e her roj\u00eake me m\u00eena 15\u2019\u00ea Sibata 1999\u2019an bi giyan \u00fb germah\u00ee derbas bibe. L\u00ea bel\u00ea bi awayek\u00ee zanistiyanetir \u00fb bi r\u00eakxistintir. Ji ber ku bi rast\u00ee j\u00ee di 15\u2019\u00ea Sibata 1999\u2019an de germah\u00ee \u00fb serhildan\u00ean gel pir bilind b\u00fbn \u00fb mirov\u00ean Kurd v\u00eaya selimandin ku, R\u00eaber Apo ji bo wan rastiyeke j\u00eaveneger e \u00fb hinceta serek\u00ee a \u015fer \u00fb a\u015ftiy\u00ea ye. Ez j\u00ee di w\u00ea baweriy\u00ea de me ku reaksiyona Kurdan li dij\u00ee komplo d\u00ea careke din vegere p\u00eavajoya 15\u2019\u00ea Sibat\u00ea \u00fb misoger guhertin\u00ean pir gir\u00eeng di rew\u015fa Serokat\u00ee de \u00e7\u00eabike. Di demeke kin de zem\u00eena azad\u00ee \u00fb serbestb\u00fbna R\u00eaber Apo garant\u00ee bikin. Ji ber rihe berxwedan\u00ee \u00fb w\u00earekiya gel\u00ea Kurd di 15\u2019\u00ea Sibata 1999\u2019an de giyaneke, ku c\u00eehan li hember\u00ee w\u00ea hejiya. Bi v\u00ea munasebet\u00ea bang li hem\u00fb gel\u00ea Kurd \u00ean li \u00e7arn\u00eekar\u00ea c\u00eehan\u00ea ne dikim ku, 15\u2019\u00ea Sibata \u00eesal j\u00ee di t\u00eako\u015f\u00eena me ya azadiy\u00ea de bikin destp\u00eakek n\u00fb.<\/p>\n<p>A duyem\u00een; di xeta parastina rewa de b\u00eaku xw\u00eenrijandina mirov bikin armanc \u00fb zirar\u00ea bidin yekitiya gelan p\u00eaw\u00eest e mil bi mil\u00ea \u00e7alakiy\u00ean berxwedan\u00ee \u00fb demokrat\u00eek din, tevah\u00ee jin \u00fb ciwan m\u00eena ger\u00eela ber\u00ea xwe bidin \u00e7iya \u00fb di heman dem\u00ea de li bajaran j\u00ee bikaran\u00eena maf\u00ea bergir\u00eadan\u00ea ten\u00ea ji HPG\u2019\u00ea h\u00eav\u00ee nekin. \u00c7avkaniya mad\u00ee \u00fb manev\u00ee ya h\u00eazen \u015ferxwaz \u00fb ew saz\u00ee \u00fb binesaziy\u00ean dewlet\u00ea bikin armanc, ku di k\u00fbrkirina b\u00ea\u00e7aret\u00ee \u00fb qirkirina Kurdan de bi rol\u00ea xwe ve radibin. Jin \u00fb ciwan\u00ean Kurd \u00e7awa ku doh rol\u00ea xwe p\u00eakan\u00eene \u00eero j\u00ee dikarin \u00e7ar\u00e7oveya \u00e7alakiy\u00ean pas\u00eef derbas bikin \u00fb her yek ji wan m\u00eena ger\u00eelayek\u00ee bajaran \u00e7alakiy\u00ean mezin ji xwe re bikin armanc. Ji ber ku \u00eero roja xebat \u00fb biryardayin\u00ea ye, r\u00fbni\u015ftin \u00fb lewaziya \u00e7alakiy\u00ean me berd\u00eal\u00ean mezin \u00fb encam\u00ean ku me heq nekirine d\u00ea bi xwe re b\u00eene. Ji bo v\u00ea j\u00ee derfet heye, dewlet di nava hejandinek\u00ea de ye \u00fb ewqas h\u00eazdar n\u00eene. Lewma heke em di \u00e7a\u00e7oveya xwe parastin\u00ea de \u00e7alakiyan lidarbixin d\u00ea teqez na\u00e7ar bibe ku \u00cemral\u00ee bike navn\u00ee\u015fana muxatab\u00ea xwe \u00fb dest\u00ea a\u015ftiy\u00ea dir\u00eaj\u00ee Kurdan bike. Ger ev yek p\u00eak were w\u00ea h\u00eav\u00ee \u00fb daxwaz\u00ean jin \u00fb ciwan\u00ean Kurd y\u00ean a\u015ftiy\u00ea bi wate bibe. Ji ber ku a\u015ft\u00ee ked \u00fb bedel\u00ean mezin dixwaze.<br \/>\nDi neq\u015feya \u00e7alakiya gel de st\u00fbna s\u00eayem\u00een j\u00ee p\u00ea\u015fxitin \u00fb r\u00eaxistina pergala konfederal\u00eezma demokrat\u00eek a Kurdistan\u00ea. Di v\u00ee al\u00ee de rexney\u00ean R\u00eaber Apo her tim hene \u00fb liv \u00fb libata giran a saz\u00ee \u00fb r\u00eaxistin\u00ean berpirsyar destn\u00ee\u015fan dike. P\u00eevaneke sereke ji bo bersivandina \u015feh\u00eedan \u00fb xwed\u00ee li ked \u00fb t\u00eako\u015f\u00eena gel\u00ea me ya bi salan derketin, di heman dem\u00ea de gir\u00eadana me a bi R\u00eaber Apo re avakirina pergala konfederal\u00eezm\u00ea ye. Ji ber ku Konfederal\u00eezma Demokrat\u00eek xeta \u00e7areseriya demokrat\u00eek e \u00fb pergala xwe r\u00eaveberina gel\u00ea Kurd e. Ger ku em v\u00ea s\u00eestem\u00ea ba\u015f f\u00eam bikin \u00fb di hem\u00fb waran de ji j\u00ear ber bi jor ve r\u00eakbixin w\u00ea dem\u00ea em bi tu away\u00ee muhtac\u00ee dewletb\u00fbyin\u00ea nabin, bi destxistina maf\u00ea ziman, \u00e7and \u00fb nasnameya me j\u00ee em\u00ea ne ji dewlet\u00ea ji xwe h\u00eav\u00ee bikin. D\u00ee v\u00ea \u00e7ar\u00e7ovey\u00ea de tevl\u00eeb\u00fbneke piral\u00ee ya siyas\u00ee, le\u015fker\u00ee, r\u00eaxistin\u00ee \u00fb hwd. p\u00eaw\u00eest e em p\u00ea\u015fbixin. W\u00ea dem\u00ea ez bawerim ku di demek\u00ee n\u00eaz de, d\u00ea roja Azadiya Kurdan jidayik bibe \u00fb \u00e7awa ku p\u00eavajoya \u015fore\u015fa vej\u00een\u00ea ya netew\u00ee me bi awayek\u00ee serkeft\u00ee p\u00ea\u015fxist, \u00eero j\u00ee em\u00ea bi ked \u00fb v\u00eena xwe p\u00eavajoya \u00e7areseriya demokrat\u00eek bi serbixin \u00fb daw\u00ee li trajediya netew\u00ee b\u00eenin.<\/p>\n<p>Ez j\u00ee wek zarokek\u00ee we ji bo tevl\u00ee \u00e7alakiy\u00ean we bibim, dixwazim deyn\u00ea xwe bidim we gel\u00ea xwe y\u00ea h\u00eaja \u00fb fedakar. Li sertar\u00ean \u00e7iyay\u00ean p\u00eeroz \u00ean Kurdistan\u00ea, zahmet\u00ee \u00fb s\u00eenor\u00ean ku dijmin di navbeyna gel \u00fb ger\u00eela da daniye \u00fb serma \u00fb seqema zivistan\u00ea di\u015fk\u00eenim \u00fb bi \u00e7alakiyeke agir\u00een dixwazim gir\u00eadan \u00fb duristb\u00fbna ger\u00eela n\u00ee\u015fan\u00ee we bidim. Her wiha v\u00ea mizg\u00een\u00ee \u00fb peyam\u00ea bidim ku tev\u00ee hem\u00fb k\u00eamasiy\u00ean me heta zerreyek raman \u00fb giyana Kurd\u00een\u00ee \u00fb PKK di me de hebe wek Sema \u00fb wek Serdar Ari, em bi v\u00een \u00fb biryar ji bo xwe fedakirin\u00ea amadene. Di nava jiyaneke tij\u00ee a\u015ft\u00ee \u00fb azadiy\u00ea de serkeftin \u00fb jiy\u00een z\u00eade ne d\u00fbr e. Eger d\u00fbr be j\u00ee tu cara zeman nikare bawer\u00ee \u00fb \u00eeradeya me ya teko\u015f\u00een\u00ea bi\u015fkine. Di daw\u00ee de dib\u00eajim, \u00e7i k\u00eafxwa\u015fim ku zarok\u00ea gelek\u00ee mina we me.<\/p>\n<p><strong>J\u0130 GEL\u00ca KURD \u00ca L\u0130 BAK\u00dbR\u00ca KURD\u0130STAN\u00ca RE<\/strong><\/p>\n<p>Pir bi hesretb\u00fbm ku rojek\u00ea ji \u00e7iyay\u00ean bak\u00fbr\u00ea Kurdistan\u00ea ve ber bi germahiya serhildan\u00ean we ve bi r\u00ea bikevim. Hem\u00fb h\u00eav\u00ee \u00fb armanc\u00ean min ew e ku bi azad\u00ee \u00fb di nava atmosfereke a\u015ftiyane de h\u00fbn bi ziman, \u00e7and \u00fb nasnameya xwe ya netew\u00ee wek\u00ee mirov bij\u00een. Dibe ku ez wek\u00ee \u015fexsek\u00ee v\u00eaya neb\u00eenim. L\u00ea bel\u00ea ji niha ve, v\u00ea rastiy\u00ea h\u00ees dikim \u00fb p\u00ea bawerim. Jixwe d\u00eetina me pir gir\u00eeng n\u00eene. Ten\u00ea bi \u015fert\u00ea ku em wan zarokana bib\u00eenin ku bi dest\u00ean xwe y\u00ean h\u00fbrik \u00fb bi\u00e7\u00fbk kev\u00eer dav\u00eaj\u00een wan kab\u00fbs\u00ean ku xewn \u00fb xeyal\u00ean reng\u00een tevl\u00ee hev dikin \u00fb p\u00ea\u015feroja wan re\u015f dikin. R\u00eaber APO n\u00eaz\u00ee we ye, h\u00fbn pir bi \u015fens in l\u00ea ez dizanim ku bar\u00ea we j\u00ee pir giran e. Ji ber ku ew ne ten\u00ea R\u00eaber\u00ea gelek\u00ee ye. Belku emaneta mirovah\u00ee \u00fb d\u00eerok\u00ea ye. Lewre azadkirin \u00fb parast\u00eena w\u00ee pir zor e. Fedakar\u00ee \u00fb t\u00eako\u015f\u00eena we ya b\u00ea rawestan j\u00ee j\u00eadera xwe ji vir digire. Lewma p\u00eeroz e. Ez j\u00ee tev\u00ee rexnedayina xwe ya li hember we, we p\u00eeroz dikim. H\u00eav\u00eedarim ji vir \u00fb p\u00ea de bi hamleya berhevkirina \u00eemzeyan a ji bo referand\u00fbma demokrat\u00eek a gel\u00ea Kurd \u00fb hem\u00fb \u00e7alakiy\u00ean din \u00ean demokrat\u00eek, em\u00ea p\u00eavajoya \u00e7areseriya demokrat\u00eek serx\u00eenin. Di daw\u00ee de ez bang li tevahiy\u00ea gel\u00ea xwe y\u00ea delal dikim ku li hawirdora R\u00eaber APO \u00fb saz\u00ee \u00fb r\u00eaxistin\u00ean w\u00ee bicivin. Tu kes, gr\u00fbp \u00fb komek\u00ee b\u00ea h\u00eav\u00ee \u00fb lewaz li p\u00ea\u015fiya xwe nekin kelem \u00fb ten\u00ea \u00fb ten\u00ea \u00e7av\u00ea we li serkeftin\u00ea be.<\/p>\n<p>Silav \u00fb r\u00eaz<\/p>\n<p><strong>J\u0130 BO GEL\u00ca KURD Y\u00ca L\u0130 BA\u015e\u00dbR\u00ca KURD\u0130STAN\u00ca<\/strong><\/p>\n<p>Destp\u00eak\u00ea li \u00e7iyay\u00ean b\u00eel\u00eend \u00ean Kurdistane wek ke\u00e7ek\u00ee gerila, silav, r\u00eaz \u00fb dilsoziya xwe p\u00ea\u015fke\u015f\u00ee we dikim. B\u00ee v\u00ea re k\u00eayfxwe\u015f im \u00fb ji dil ev serkeftin \u00fb destkeftin\u00ean d\u00eerok\u00ee y\u00ean \u00eero di ba\u015f\u00fbr\u00ea Kurdistan\u00ea de li we piroz dikim. Ev berhema xwina bi hezaran \u015feh\u00eed, ked \u00fb t\u00eako\u015f\u00eena gel\u00ea me ya bi sedan sala ye. Ev p\u00ea\u015fketin\u00ean ku \u00eero li Kurdistan\u00ea r\u00fb didin \u00fb we kes\u00ean welatpar\u00eaz dilxwe\u015f dikin, bi gelek bedel \u00fb qurban\u00ean mezin \u00fb p\u00eeroz \u00ean m\u00eena Helep\u00e7e, Enfal, ko\u00e7ber\u00ee, ku\u015ft\u00een \u00fb birr\u00een bi dest ketiye. Lewma parastin \u00fb berevan\u00eekirina \u00eeradeb\u00fbyina gel\u00ea Kurd di prosesa demokrat\u00eezekirina \u0130raq\u00ea \u00fb avakirina pergalek\u00ee n\u00fb ya dewlet\u00ea de, peywira her Kurdek\u00ee bi r\u00fbmet \u00fb nam\u00fbs e \u00fb dijbertiya v\u00ea j\u00ee b\u00eabextiyeke mezin e. Di vir de xala her\u00ee gir\u00eeng ew e ku gel\u00ea me bi hi\u015fyariyek mezin van destk\u00eaftin\u00ean xwe bipar\u00eaz e \u00fb ji bo p\u00ea\u015fxistina wan bixebite. Ji ber ku div\u00ea ba\u015f bizanibin ku h\u00eena j\u00ee li Kurdistan \u00fb li her\u00eam\u00ea bi gi\u015ft\u00ee gef xwarin \u00fb zingil\u00ea metirsiya \u015fer \u00fb konsept\u00ean kir\u00eat y\u00ean dijmin li ser gel\u00ea Kurd ji hol\u00ea raneb\u00fbne \u00fb p\u00eaw\u00eest e helwesteke bi tevah\u00ee b\u00ea n\u00ee\u015fandan.<\/p>\n<p>Dewlet\u00ean Rojava bi gi\u015ft\u00ee \u00fb bi taybet\u00ee j\u00ee Amer\u00eeka li r\u00fbxm\u00ea ku bixwe di d\u00eerok\u00ea de sedema derketina pirsgir\u00eaka Kurdistan\u00ea ne \u00eero b\u00ea ku fed\u00ee bikin li ser keda gel \u00fb xwina \u015feh\u00eed\u00ean me m\u00earaniy\u00ea dikin. Xwe wek xwedan \u00fb afir\u00eener\u00ea destkeft\u00ean d\u00eerok\u00ee y\u00ean \u00eero li Kurdistan\u00ea, dib\u00eenin \u00fb dixwazin di Rojhilata Nav\u00een de ba\u015f\u00fbr\u00ea Kurdistan\u00ea bikin kela parastina berjewendiy\u00ean xwe y\u00ean siyas\u00ee. Heta niha j\u00ee ji aliyek\u00ee de li p\u00eay wan fend \u00fb f\u00ealana ku \u00e7awa, keng\u00ee \u00fb li ku Kurd\u00ean ba\u015f\u00fbr li dij\u00ee dewlet\u00ean m\u00eena Tirkiye, Suriye, \u00ceran bikarb\u00eenin. Ji aliyeke din ve j\u00ee ji bo ku Kurd s\u00eenor\u00ea v\u00ea derbas nekin \u00fb di bin ven\u00earana (kontrol) xwe de bigire, hewl dide ku ba\u015f\u00fbr\u00ea Kurdistan\u00ea ji bo Kurd\u00ean per\u00e7ey\u00ean din \u00ean Kurdistan\u00ea bike xefkek, bi v\u00eaya re j\u00ee Kurdan li dij\u00ee hev\u00fbdu bi karb\u00eene. Dema ku ji aliyek\u00ee de PKK\u2019\u00ea dixin listeya teror\u00ea \u00fb R\u00eaber Apo dixin girt\u00eegeh\u00ea \u00fb ji aliyeke din ve j\u00ee ji serok\u00ean partiy\u00ean ba\u015f\u00fbr \u00fb federasyona Kurdan re j\u00ee dib\u00eajin er\u00ea, ti\u015ftek\u00ee tesadef n\u00eene. Div\u00ea ev yek ba\u015f b\u00ea d\u00eetin \u00fb gel\u00ea ba\u015f\u00fbr v\u00ea nepejir\u00eene.<\/p>\n<p>Dewleta Tirkiye, Suriye \u00fb \u00ceran j\u00ee her dem dixwazin azm\u00fbna ba\u015f\u00fbr\u00ea Kurdistan\u00ea t\u00eak bibin ji siyaseta xwe ya dijbertiy\u00ea \u00fb dijminantiy\u00ea pa\u015f ve gav nav\u00eajin. H\u00eaz\u00ean desthilatdar \u00ean di nava Kurdan de j\u00ee, bi taybet \u00e7\u00eena serdest \u00fb berjewend\u00eepar\u00eaz a part\u00ee \u00fb malbatan j\u00ee di bin nav\u00ea siyaset \u00fb Kurd\u00eeniy\u00ea de maske li ruy\u00ea xwe p\u00ea\u00e7ane \u00fb bi xw\u00eena gel bazirganiy\u00ea dikin. Di p\u00eavajoyeke wiha nazik \u00fb gir\u00eeng de, li her \u00e7ar per\u00e7ey\u00ean Kurdistan\u00ea \u00fb li bak\u00fbr\u00ea Kurdistan\u00ea bi taybet\u00ee li ser diyaloga \u00e7areseriya siyas\u00ee a pirsgir\u00eaka Kurd guftugo t\u00ea kirin. Gotina Mam Celal ku ji Tirkiye \u00fb Amer\u00eeka re dib\u00eaje \u201cBila Apo b\u00eadeng bikin\u201d eyb \u00fb \u015fermek\u00ee pir mezin e \u00fb div\u00ea ney\u00ea pejirandin. \u00cad\u00ee \u015ferme ji Kurdan re ku li dij\u00ee hev\u00fbdu plan \u00fb xefkan deynin, ji ber ku lewaziya Kurd\u00ean her per\u00e7eyek\u00ee dibe lewaziya tevah\u00ee Kurdistan\u00ea. \u00c7aren\u00fbsa her \u00e7ar par\u00e7eyen Kurdistan\u00ea wek\u00ee go\u015ft \u00fb neynok\u00ea bi hev ve gir\u00eaday\u00ee ye. Bi taybet\u00ee heya pirsgir\u00eaka Kurd li per\u00e7eya mezin a Kurdistan\u00ea ango li bak\u00fbr \u00e7areser nebe negengaze ku Kurd\u00ean per\u00e7ey\u00ean din bi r\u00fbmet \u00fb bi azad\u00ee bij\u00een. Li ser v\u00ea bingeh\u00ea bang li tevay\u00ee gele Kurd \u00ean ba\u015f\u00fbr\u00ea Kurdistan\u00ea dikim ku di derheq\u00ea \u015fore\u015fa bak\u00fbr\u00ea Kurdistan\u00ea de b\u00eadeng\u00ee \u00fb b\u00eaberpirsiyariy\u00ea nepejir\u00eenin. \u00c7imk\u00ee b\u00eadeng\u00ee dibe sedema mirin\u00ea \u00fb jidayikb\u00fbneke mir\u00ee ya \u00eerade \u00fb destkeft\u00ean n\u00fb y\u00ean li ba\u015f\u00fbr \u00fb ev yek pir dir\u00eaj nake. Ji bo v\u00ea j\u00ee bila hem\u00fb jin \u00fb zarok, ciwan \u00fb p\u00eer \u00fb rew\u015fenb\u00eer deng\u00ea xwe bidin referand\u00fbma demokrat\u00eek a parastina R\u00eaber Apo \u00fb w\u00ee wek\u00ee v\u00eena siyas\u00ee ya Kurd bipejir\u00eenin. Bi hem\u00fb h\u00eaz \u00fb tiwan\u00ean xwe pi\u015ftgir\u00ee bidin \u00e7alakiy\u00ean gel \u00ean li hem\u00fb per\u00e7ey\u00ean din \u00ean Kurdistan\u00ea. Di v\u00ea mijar\u00ea de bawariya min bi giyana berxwedana gel\u00ea min heye. Ji ber ku gel\u00ea ba\u015f\u00fbr, gel\u00ea Helep\u00e7e, gel\u00ea xwe gor\u00ee kirin \u00fb serhildana azadiy\u00ea ye.<\/p>\n<p>Ez j\u00ee wek ke\u00e7ek\u00ee we n\u00eaz\u00ee deh sale bi \u00e7anda berxwedaniya ku min ji we wergirtiye, ew zaneb\u00fbn \u00fb v\u00eena ku ji R\u00eaber Apo, PKK \u00fb tevgera azadiya jina Kurd wergirtiye, li \u00e7iyay\u00ean Kurdistan\u00ea ji bo azadiya gele Kurd \u00fb jina Kurd t\u00eadiko\u015fim. Hem\u00fb hewl, h\u00eav\u00ee \u00fb armanca min; azadiya gel\u00ea Kurd ya her \u00e7ar par\u00e7a ye. Her wiha li ba\u015f\u00fbr\u00ea Kurdistan\u00ea demokrat\u00eezeb\u00fbn, azadiya zihniyet\u00ea, bi daw\u00eean\u00eena xwekuj\u00ee, b\u00ea\u00e7aret\u00ee \u00fb koletiya jin\u00ea d\u00eesa reva ciwanan ji welat\u00ea xwe \u00fb \u00e7areserb\u00fbna hem\u00fb pirsgir\u00eak\u00ean din y\u00ean civak\u00ee daxwaza min e. Li ser v\u00ea bingeh\u00ea \u00eero bi \u00e7alakiyeke feda\u00ee dixwazim helwesta xwe ji bo gir\u00eadana bi v\u00ea armanc\u00ea re n\u00ee\u015fan bidim \u00fb peyamek\u00ea bidim we kes\u00ean h\u00eaja. Ev \u00e7alakiya min ne wek xwekujiya wan jin\u00ean ku ji b\u00eazar\u00ee \u00fb b\u00ea\u00e7aretiy\u00ea \u00e7avkaniya xwe digire, \u00e7alakiyeke di r\u00eaya ev\u00eena jiyan\u00ea, p\u00ea\u015fxistina z\u00eehniyet\u00ea \u00fb \u00e7alakiya azadiy\u00ea de ye. Her wiha berdewama \u00e7anda berxwedaniya jin\u00ean m\u00eena Leyla Qasim, Z\u00eelan \u00fb Sema Yuce ye. \u00c7iqas bi v\u00ea k\u00eayfxwe\u015f dibim ku ev peyam \u00fb \u00e7alakiya min bigih\u00eaje guh\u00ea hem\u00fb gel\u00ea min \u00fb tevay\u00ee jin\u00ean Kurd. K\u00eam j\u00ee be h\u00eazek\u00ee bide t\u00eako\u015f\u00een\u00ea \u00fb liv \u00fb libateke n\u00fb di nava gel\u00ea ba\u015f\u00fbr\u00ea Kurdistan\u00ea de \u00e7\u00eabike. Di dawiy\u00ea de wek\u00ee kadroyeke jin a ba\u015f\u00fbr\u00ea Kurdistan\u00ea rexneday\u00eena xwe didim, ji ber ku wek p\u00eawist dikir min p\u00ea\u015fengtiyeke bi h\u00eaz bi cih neaniye \u00fb min perspekt\u00eefa R\u00eaber Apo ku b\u00eerdoziya rizgariya jin\u00ea wek\u00ee b\u00eerdoziya \u015fore\u015fa civak\u00ee ya ba\u015f\u00fbr did\u00eet, ba\u015f bi we neda nas\u00een.<\/p>\n<p>-B\u0130J\u00ce R\u00caBER APO!<br \/>\n-B\u00ceJ\u00ce PKK \u00db PAJK!<br \/>\n-B\u0130J\u00ce KJB \u00db KKK!<br \/>\n-B\u0130J\u00ce HPG \u00db YJA STAR<br \/>\n-B\u00ceJ\u00ce HEM\u00db \u015eEH\u0130D\u00caN R\u0130YA AZAD\u0130Y\u00ca!<br \/>\n-B\u0130MRE X\u0130YANET \u00fb KOMPLOYA NAVNETEW\u00ce!<br \/>\n-B\u0130MRE B\u0130 HER AWAY\u00ce PA\u015eVER\u00dbT\u00ce DESTH\u0130LATDAR\u0130!<\/p>\n<p>Silav \u00fb R\u00eaz<br \/>\n01 Sibata 2006<\/p>\n<p>&nbsp;<\/p>\n<p><strong>VIYAN<\/strong>.info<\/p>\n","protected":false},"excerpt":{"rendered":"<p>D\u00eerok\u00ea \u00eespat kiriye ku gel\u00ea Kurd, gelek\u00ee leheng \u00fb cangoriye. Tev\u00ee siyesata \u00eenkar, qirkirin, Erebkirin, Tirkkirin \u00fb Farskirin\u00ea, gel\u00ea me bi her away\u00ee heb\u00fbna xwe parastiye \u00fb di d\u00eerok\u00ea de nehatiye windakirin. Dewlet\u00ean dagirker her dem j\u00ea re gotine ku; \u201cEncex tu Tirk be, Fars be yan j\u00ee Ereb be maf\u00ea te y\u00ea hemwelat\u00eeb\u00fbn\u00ea \u00fb&hellip; <a class=\"more-link\" href=\"https:\/\/viyan.info\/?p=36\">\u0628\u06d5\u0631\u062f\u06d5\u0648\u0627\u0645 \u0628\u06d5 \u0644\u06d5 \u062e\u0648\u06ce\u0646\u062f\u0646\u06d5\u0648\u06d5\u06cc <span class=\"screen-reader-text\">Ji gel\u00ea kurd\u00ea welatpar\u00eaz \u00fb berxwedanvan re<\/span><\/a><\/p>\n","protected":false},"author":1,"featured_media":0,"comment_status":"closed","ping_status":"open","sticky":false,"template":"","format":"standard","meta":{"footnotes":""},"categories":[7,2],"tags":[],"class_list":["post-36","post","type-post","status-publish","format-standard","hentry","category-ltr","category-kurmanci","entry"],"_links":{"self":[{"href":"https:\/\/viyan.info\/index.php?rest_route=\/wp\/v2\/posts\/36","targetHints":{"allow":["GET"]}}],"collection":[{"href":"https:\/\/viyan.info\/index.php?rest_route=\/wp\/v2\/posts"}],"about":[{"href":"https:\/\/viyan.info\/index.php?rest_route=\/wp\/v2\/types\/post"}],"author":[{"embeddable":true,"href":"https:\/\/viyan.info\/index.php?rest_route=\/wp\/v2\/users\/1"}],"replies":[{"embeddable":true,"href":"https:\/\/viyan.info\/index.php?rest_route=%2Fwp%2Fv2%2Fcomments&post=36"}],"version-history":[{"count":3,"href":"https:\/\/viyan.info\/index.php?rest_route=\/wp\/v2\/posts\/36\/revisions"}],"predecessor-version":[{"id":119,"href":"https:\/\/viyan.info\/index.php?rest_route=\/wp\/v2\/posts\/36\/revisions\/119"}],"wp:attachment":[{"href":"https:\/\/viyan.info\/index.php?rest_route=%2Fwp%2Fv2%2Fmedia&parent=36"}],"wp:term":[{"taxonomy":"category","embeddable":true,"href":"https:\/\/viyan.info\/index.php?rest_route=%2Fwp%2Fv2%2Fcategories&post=36"},{"taxonomy":"post_tag","embeddable":true,"href":"https:\/\/viyan.info\/index.php?rest_route=%2Fwp%2Fv2%2Ftags&post=36"}],"curies":[{"name":"wp","href":"https:\/\/api.w.org\/{rel}","templated":true}]}}